{"id":3824,"date":"2026-09-03T15:19:29","date_gmt":"2026-09-03T15:19:29","guid":{"rendered":"https:\/\/balder-net.de\/?p=3824"},"modified":"2026-09-03T15:19:29","modified_gmt":"2026-09-03T15:19:29","slug":"auf-welche-wissensquellen-greifen-ki-systeme-zu","status":"publish","type":"post","link":"https:\/\/balder-net.de\/?p=3824","title":{"rendered":"Auf welche Wissensquellen greifen KI-Systeme zu?"},"content":{"rendered":"<p>Was m\u00fcssen Unternehmen beachten, damit der Einsatz von KI nicht zu neuen Abh\u00e4ngigkeiten, sondern zu mehr Handlungsfreiheit f\u00fchrt?<\/p>","protected":false},"excerpt":{"rendered":"<p>Was m\u00fcssen Unternehmen beachten, damit der Einsatz von KI nicht zu neuen Abh\u00e4ngigkeiten, sondern zu mehr Handlungsfreiheit f\u00fchrt?<\/p>\n","protected":false},"author":0,"featured_media":3825,"comment_status":"open","ping_status":"open","sticky":false,"template":"","format":"standard","meta":{"footnotes":""},"categories":[41],"tags":[],"class_list":["post-3824","post","type-post","status-publish","format-standard","has-post-thumbnail","hentry","category-it-neuigkeiten"],"_links":{"self":[{"href":"https:\/\/balder-net.de\/index.php?rest_route=\/wp\/v2\/posts\/3824","targetHints":{"allow":["GET"]}}],"collection":[{"href":"https:\/\/balder-net.de\/index.php?rest_route=\/wp\/v2\/posts"}],"about":[{"href":"https:\/\/balder-net.de\/index.php?rest_route=\/wp\/v2\/types\/post"}],"replies":[{"embeddable":true,"href":"https:\/\/balder-net.de\/index.php?rest_route=%2Fwp%2Fv2%2Fcomments&post=3824"}],"version-history":[{"count":0,"href":"https:\/\/balder-net.de\/index.php?rest_route=\/wp\/v2\/posts\/3824\/revisions"}],"wp:featuredmedia":[{"embeddable":true,"href":"https:\/\/balder-net.de\/index.php?rest_route=\/wp\/v2\/media\/3825"}],"wp:attachment":[{"href":"https:\/\/balder-net.de\/index.php?rest_route=%2Fwp%2Fv2%2Fmedia&parent=3824"}],"wp:term":[{"taxonomy":"category","embeddable":true,"href":"https:\/\/balder-net.de\/index.php?rest_route=%2Fwp%2Fv2%2Fcategories&post=3824"},{"taxonomy":"post_tag","embeddable":true,"href":"https:\/\/balder-net.de\/index.php?rest_route=%2Fwp%2Fv2%2Ftags&post=3824"}],"curies":[{"name":"wp","href":"https:\/\/api.w.org\/{rel}","templated":true}]}}