{"id":3808,"date":"2026-08-31T07:19:45","date_gmt":"2026-08-31T07:19:45","guid":{"rendered":"https:\/\/balder-net.de\/?p=3808"},"modified":"2026-08-31T07:19:45","modified_gmt":"2026-08-31T07:19:45","slug":"e-rechnungspflicht-im-mittelstand-zielfuhrend-umsetzen","status":"publish","type":"post","link":"https:\/\/balder-net.de\/?p=3808","title":{"rendered":"E-Rechnungspflicht im Mittelstand zielf\u00fchrend umsetzen"},"content":{"rendered":"<p>Benedikt Weber, Gesch\u00e4ftsf\u00fchrer von ecoDMS, erkl\u00e4rt, wie sich die E-Rechnungspflicht erfolgreich meistern l\u00e4sst und welche Vorteile strukturierte Rechnungsformate bieten.<\/p>","protected":false},"excerpt":{"rendered":"<p>Benedikt Weber, Gesch\u00e4ftsf\u00fchrer von ecoDMS, erkl\u00e4rt, wie sich die E-Rechnungspflicht erfolgreich meistern l\u00e4sst und welche Vorteile strukturierte Rechnungsformate bieten.<\/p>\n","protected":false},"author":0,"featured_media":3809,"comment_status":"open","ping_status":"open","sticky":false,"template":"","format":"standard","meta":{"footnotes":""},"categories":[41],"tags":[],"class_list":["post-3808","post","type-post","status-publish","format-standard","has-post-thumbnail","hentry","category-it-neuigkeiten"],"_links":{"self":[{"href":"https:\/\/balder-net.de\/index.php?rest_route=\/wp\/v2\/posts\/3808","targetHints":{"allow":["GET"]}}],"collection":[{"href":"https:\/\/balder-net.de\/index.php?rest_route=\/wp\/v2\/posts"}],"about":[{"href":"https:\/\/balder-net.de\/index.php?rest_route=\/wp\/v2\/types\/post"}],"replies":[{"embeddable":true,"href":"https:\/\/balder-net.de\/index.php?rest_route=%2Fwp%2Fv2%2Fcomments&post=3808"}],"version-history":[{"count":0,"href":"https:\/\/balder-net.de\/index.php?rest_route=\/wp\/v2\/posts\/3808\/revisions"}],"wp:featuredmedia":[{"embeddable":true,"href":"https:\/\/balder-net.de\/index.php?rest_route=\/wp\/v2\/media\/3809"}],"wp:attachment":[{"href":"https:\/\/balder-net.de\/index.php?rest_route=%2Fwp%2Fv2%2Fmedia&parent=3808"}],"wp:term":[{"taxonomy":"category","embeddable":true,"href":"https:\/\/balder-net.de\/index.php?rest_route=%2Fwp%2Fv2%2Fcategories&post=3808"},{"taxonomy":"post_tag","embeddable":true,"href":"https:\/\/balder-net.de\/index.php?rest_route=%2Fwp%2Fv2%2Ftags&post=3808"}],"curies":[{"name":"wp","href":"https:\/\/api.w.org\/{rel}","templated":true}]}}