{"id":3343,"date":"2026-04-29T09:24:58","date_gmt":"2026-04-29T09:24:58","guid":{"rendered":"https:\/\/balder-net.de\/?p=3343"},"modified":"2026-04-29T09:24:58","modified_gmt":"2026-04-29T09:24:58","slug":"digitaler-produktpass-mehr-uberblick-im-lebenszyklus","status":"publish","type":"post","link":"https:\/\/balder-net.de\/?p=3343","title":{"rendered":"Digitaler Produktpass: Mehr \u00dcberblick im Lebenszyklus"},"content":{"rendered":"<p>Der DPP b\u00fcndelt strukturierte Informationen zu Materialien, Herstellung, Nutzung und Recycling und macht sie \u00fcber den Lebenszyklus eines Produkts hinweg zug\u00e4nglich.<\/p>","protected":false},"excerpt":{"rendered":"<p>Der DPP b\u00fcndelt strukturierte Informationen zu Materialien, Herstellung, Nutzung und Recycling und macht sie \u00fcber den Lebenszyklus eines Produkts hinweg zug\u00e4nglich.<\/p>\n","protected":false},"author":0,"featured_media":3344,"comment_status":"open","ping_status":"open","sticky":false,"template":"","format":"standard","meta":{"footnotes":""},"categories":[41],"tags":[],"class_list":["post-3343","post","type-post","status-publish","format-standard","has-post-thumbnail","hentry","category-it-neuigkeiten"],"_links":{"self":[{"href":"https:\/\/balder-net.de\/index.php?rest_route=\/wp\/v2\/posts\/3343","targetHints":{"allow":["GET"]}}],"collection":[{"href":"https:\/\/balder-net.de\/index.php?rest_route=\/wp\/v2\/posts"}],"about":[{"href":"https:\/\/balder-net.de\/index.php?rest_route=\/wp\/v2\/types\/post"}],"replies":[{"embeddable":true,"href":"https:\/\/balder-net.de\/index.php?rest_route=%2Fwp%2Fv2%2Fcomments&post=3343"}],"version-history":[{"count":0,"href":"https:\/\/balder-net.de\/index.php?rest_route=\/wp\/v2\/posts\/3343\/revisions"}],"wp:featuredmedia":[{"embeddable":true,"href":"https:\/\/balder-net.de\/index.php?rest_route=\/wp\/v2\/media\/3344"}],"wp:attachment":[{"href":"https:\/\/balder-net.de\/index.php?rest_route=%2Fwp%2Fv2%2Fmedia&parent=3343"}],"wp:term":[{"taxonomy":"category","embeddable":true,"href":"https:\/\/balder-net.de\/index.php?rest_route=%2Fwp%2Fv2%2Fcategories&post=3343"},{"taxonomy":"post_tag","embeddable":true,"href":"https:\/\/balder-net.de\/index.php?rest_route=%2Fwp%2Fv2%2Ftags&post=3343"}],"curies":[{"name":"wp","href":"https:\/\/api.w.org\/{rel}","templated":true}]}}